{"id":1,"date":"2011-08-01T08:00:13","date_gmt":"2011-08-01T12:30:13","guid":{"rendered":"http:\/\/fotoggrafica.com\/fotobill\/?p=1"},"modified":"2023-10-17T08:48:34","modified_gmt":"2023-10-17T12:48:34","slug":"hello-world","status":"publish","type":"post","link":"https:\/\/fotografismos.com\/fotobill\/?p=1","title":{"rendered":"T\u00fa Imagen, tus recuerdos, tus colores y algo m\u00e1s&#8230;"},"content":{"rendered":"<p style=\"text-align: justify;\">Navega\u00a0y descubre la Luz y\u00a0 los bellos colores captados por el lente del Fot\u00f3grafo<em> <a href=\"http:\/\/www.fotografismos.com\/perfil.htm\">Giovanni Partipilo<\/a><\/em>, qui\u00e9n muestra im\u00e1genes de gente, de la naturaleza y Eventos de inter\u00e9s. Enalteciendo lo positivo y expresando visualmente lo mejor de\u00a0 t\u00fa Evento, Imagen Personal, Empresarial y la de tus Productos y Servicios.<\/p>\n<p style=\"text-align: justify;\">C\u00f3modamente desde donde te encuentres, puedes seleccionar con un s\u00f3lo Click las fotos que quieres adquirir sin complicaciones, aqu\u00ed en tu FotoTienda Virtual.<\/p>\n<p style=\"text-align: justify;\">Somos tu mejor opci\u00f3n en Fotos e Im\u00e1genes \u00abVerdaderamente Profesionales\u00bb. Te invitamos a ver nuestras Galer\u00edas. Compara, saca tus conclusiones y decide por ti. Somos tu Extraordinaria Alternativa en Fotograf\u00eda&#8230;<\/p>\n<p>Contact\u00e1nos a trav\u00e9s de <em><a href=\"http:\/\/www.fotografismos.com\/fotografica.htm\">FotoGr\u00e1fic@ (sitio web original)<\/a><\/em>.<\/p>\n<h6 style=\"text-align: center;\">Los datos, textos, fotos y cualquier otra informaci\u00f3n contenidos en este sitio web de FotoGr\u00e1fica, se suministran exclusivamente a t\u00edtulo informativo y no son vinculantes para con nuestra empresa que puede realizar cambios de informaci\u00f3n en cualquier momento. Por ninguna raz\u00f3n, los datos, caracter\u00edsticas, descripciones, ofertas y cualquier otra informaci\u00f3n visual o de texto contenida en este sitio web pueden tener valor contractual.<\/h6>\n<h6 align=\"center\">Precios pueden variar sin previo aviso, esto, si las fotos no han sido canceladas previamente. Los precios son meramente referenciales hasta que no se concrete efectivamente su pago o dep\u00f3sito.<\/h6>\n","protected":false},"excerpt":{"rendered":"<p>Navega\u00a0y descubre la Luz y\u00a0 los bellos colores captados por el lente del Fot\u00f3grafo Giovanni Partipilo, qui\u00e9n muestra im\u00e1genes de gente, de la naturaleza y Eventos de inter\u00e9s. Enalteciendo lo positivo y expresando visualmente lo mejor de\u00a0 t\u00fa Evento, Imagen &hellip; <a href=\"https:\/\/fotografismos.com\/fotobill\/?p=1\">Sigue leyendo <span class=\"meta-nav\">&rarr;<\/span><\/a><\/p>\n","protected":false},"author":4,"featured_media":0,"comment_status":"closed","ping_status":"closed","sticky":false,"template":"","format":"standard","meta":{"footnotes":""},"categories":[1],"tags":[],"class_list":["post-1","post","type-post","status-publish","format-standard","hentry","category-sin-categoria"],"_links":{"self":[{"href":"https:\/\/fotografismos.com\/fotobill\/index.php?rest_route=\/wp\/v2\/posts\/1","targetHints":{"allow":["GET"]}}],"collection":[{"href":"https:\/\/fotografismos.com\/fotobill\/index.php?rest_route=\/wp\/v2\/posts"}],"about":[{"href":"https:\/\/fotografismos.com\/fotobill\/index.php?rest_route=\/wp\/v2\/types\/post"}],"author":[{"embeddable":true,"href":"https:\/\/fotografismos.com\/fotobill\/index.php?rest_route=\/wp\/v2\/users\/4"}],"replies":[{"embeddable":true,"href":"https:\/\/fotografismos.com\/fotobill\/index.php?rest_route=%2Fwp%2Fv2%2Fcomments&post=1"}],"version-history":[{"count":38,"href":"https:\/\/fotografismos.com\/fotobill\/index.php?rest_route=\/wp\/v2\/posts\/1\/revisions"}],"predecessor-version":[{"id":121745,"href":"https:\/\/fotografismos.com\/fotobill\/index.php?rest_route=\/wp\/v2\/posts\/1\/revisions\/121745"}],"wp:attachment":[{"href":"https:\/\/fotografismos.com\/fotobill\/index.php?rest_route=%2Fwp%2Fv2%2Fmedia&parent=1"}],"wp:term":[{"taxonomy":"category","embeddable":true,"href":"https:\/\/fotografismos.com\/fotobill\/index.php?rest_route=%2Fwp%2Fv2%2Fcategories&post=1"},{"taxonomy":"post_tag","embeddable":true,"href":"https:\/\/fotografismos.com\/fotobill\/index.php?rest_route=%2Fwp%2Fv2%2Ftags&post=1"}],"curies":[{"name":"wp","href":"https:\/\/api.w.org\/{rel}","templated":true}]}}